{"id":544,"date":"2026-04-15T17:05:36","date_gmt":"2026-04-15T15:05:36","guid":{"rendered":"https:\/\/geographica.es\/blog-geographica\/?p=544"},"modified":"2026-04-27T19:40:58","modified_gmt":"2026-04-27T17:40:58","slug":"caminito-rey-malaga-ruta-historia-geologia","status":"publish","type":"post","link":"https:\/\/geographica.es\/blog-geographica\/caminito-rey-malaga-ruta-historia-geologia\/","title":{"rendered":"Caminito del Rey: historia, geolog\u00eda y aventura en M\u00e1laga"},"content":{"rendered":"<div class=\"yoast-breadcrumbs\"><span><span><a href=\"https:\/\/geographica.es\/blog-geographica\/\">Home<\/a><\/span> \u00bb <span class=\"breadcrumb_last\" aria-current=\"page\">Caminito del Rey: historia, geolog\u00eda y aventura en M\u00e1laga<\/span><\/span><\/div>\n\n\n<p><br><strong>FOTO PORTADA:<\/strong> Eliza Saroma-Stepniewska<br><br>Imagina caminar por pasarelas suspendidas a 100 metros de altura, rodeado de un paisaje en el que la geolog\u00eda cuenta la historia de millones de a\u00f1os. Esta ruta no solo impresiona por su belleza, sino tambi\u00e9n por su pasado industrial y su renacimiento como destino sostenible.<\/p>\n\n\n\n<h2 class=\"wp-block-heading\" id=\"h-desfiladero-de-los-gaitanes\"><strong>Desfiladero de los Gaitanes<\/strong><\/h2>\n\n\n\n<p>El\u00a0<strong>Caminito del Rey<\/strong>\u00a0es uno de los senderos m\u00e1s espectaculares de Espa\u00f1a y un emblema del turismo activo en Andaluc\u00eda. <span style=\"box-sizing: border-box; margin: 0px; padding: 0px;\">Situado en el\u00a0<strong>Desfiladero de los Gaitanes<\/strong>, entre\u00a0<strong>Ardales, \u00c1lora y Antequera,<\/strong>\u00a0en la provincia de M\u00e1laga, este recorrido ofrece vistas vertiginosas de paredes calizas de m\u00e1s de 300 metros de altura, excavadas por el r\u00edo Guadalhorce.<\/span><br><br>El\u00a0<strong>Desfiladero de los Gaitanes<\/strong>\u00a0destaca por sus formaciones de calizas y dolom\u00edas jur\u00e1sicas, que crean un ca\u00f1\u00f3n de apenas 10 metros de ancho en algunos tramos. Esta singularidad geol\u00f3gica lo convierte en un ejemplo perfecto del modelado fluvial en la Cordillera B\u00e9tica.<\/p>\n\n\n\n<div class=\"wp-block-buttons is-content-justification-center is-layout-flex wp-container-core-buttons-is-layout-a89b3969 wp-block-buttons-is-layout-flex\">\n<div class=\"wp-block-button\"><a class=\"wp-block-button__link wp-element-button\" href=\"https:\/\/www.geographica.es\/archivo-viajes\/viaje\/caminito-del-rey-y-sierras-de-malaga\"><strong>VIAJE RECOMENDADO: <\/strong>Caminito del Rey y Sierras de M\u00e1laga<\/a><\/div>\n<\/div>\n\n\n\n<p><\/p>\n\n\n\n<figure class=\"wp-block-image aligncenter size-large\"><img decoding=\"async\" src=\"https:\/\/www.geographica.es\/media\/cache\/resolve\/imagen_galeria\/images\/imagen\/5dd6424415627629142553.jpg\" alt=\"Puente sobre el desfiladero de los Gaitanes\"\/><figcaption class=\"wp-element-caption\">Puente sobre el desfiladero de los Gaitanes \/ FOTO: Alejandro Cuenca C<\/figcaption><\/figure>\n\n\n\n<h3 class=\"wp-block-heading\" id=\"h-nace-como-via-industrial-1901-1905\"><strong>Nace como v\u00eda industrial (1901-1905)<\/strong><\/h3>\n\n\n\n<p><a href=\"https:\/\/www.canalsurmas.es\/videos\/86258-documentales-31082023\" type=\"link\" id=\"https:\/\/www.canalsurmas.es\/videos\/86258-documentales-31082023\" target=\"_blank\" rel=\"noreferrer noopener\">El Caminito del Rey se construy\u00f3 entre 1901 y 1905<\/a> por la Sociedad Hidroel\u00e9ctrica del Chorro. Su prop\u00f3sito era conectar las centrales hidroel\u00e9ctricas del Chorro y Gaitanejo, permitiendo el tr\u00e1nsito de trabajadores y materiales en un terreno casi intransitable.<\/p>\n\n\n\n<p>Curiosidad geogr\u00e1fica: el dise\u00f1o aprovech\u00f3 las fisuras naturales de las paredes rocosas, creando un sendero que parece fundirse con la verticalidad del paisaje. Esta ingenier\u00eda pr\u00e1ctica transform\u00f3 un desaf\u00edo topogr\u00e1fico en una haza\u00f1a t\u00e9cnica.<\/p>\n\n\n\n<h3 class=\"wp-block-heading\" id=\"h-alfonso-xiii-le-da-nombre-1921\"><strong>Alfonso XIII le da nombre (1921)<\/strong><\/h3>\n\n\n\n<p>En 1921, el rey Alfonso XIII cruz\u00f3 la pasarela durante la inauguraci\u00f3n de las obras hidr\u00e1ulicas del Guadalhorce. Desde entonces, el sendero populariz\u00f3 su nombre actual, uniendo la historia mon\u00e1rquica al patrimonio industrial malague\u00f1o.<\/p>\n\n\n\n<p>Culturalmente relevante, este episodio recuerda c\u00f3mo la electricidad impuls\u00f3 la modernizaci\u00f3n de la Andaluc\u00eda rural, sustituyendo las econom\u00edas agrarias por la actividad hidroel\u00e9ctrica en valles como el Guadalhorce.<\/p>\n\n\n\n<h3 class=\"wp-block-heading\" id=\"h-cierre-por-peligro-y-renacimiento-2015\"><strong>Cierre por peligro y renacimiento (2015)<\/strong><\/h3>\n\n\n\n<p>El deterioro progresivo llev\u00f3 al cierre en 2001 tras varios accidentes mortales. La pasarela original se hab\u00eda convertido en ruinas colgantes, accesibles solo a escaladores de muy alto nivel, sin miedo a las alturas y quiz\u00e1s un punto de locura.<\/p>\n\n\n\n<p>La restauraci\u00f3n (2014-2015) instal\u00f3 3 km de nuevas pasarelas de madera con barandales, preservando el trazado hist\u00f3rico. Hoy recibe m\u00e1s de un mill\u00f3n de visitantes anuales, consolid\u00e1ndose como un motor econ\u00f3mico sostenible para M\u00e1laga interior.<\/p>\n\n\n\n<p><\/p>\n\n\n\n<figure class=\"wp-block-image aligncenter size-large\"><img decoding=\"async\" src=\"https:\/\/www.geographica.es\/media\/cache\/resolve\/imagen_galeria\/images\/imagen\/5dd6462621159683742081.jpg\" alt=\"Mimetizados con la roca en las pasarelas del Caminito del Rey\"\/><figcaption class=\"wp-element-caption\">Mimetizados con la roca en las pasarelas del Caminito del Rey \/ <strong>FOTO:<\/strong> Michi Nerja<\/figcaption><\/figure>\n\n\n\n<h2 class=\"wp-block-heading\" id=\"h-el-recorrido-paso-a-paso\"><strong>El recorrido paso a paso<\/strong><\/h2>\n\n\n\n<p><strong>Duraci\u00f3n<\/strong>: 2-3 horas (3 km de pasarela + accesos).<br><strong>Dificultad<\/strong>: moderada, lineal (ida\/sin retorno).<br><strong>Altura m\u00e1xima<\/strong>: 105 m sobre el r\u00edo Guadalhorce.<\/p>\n\n\n\n<p>La ruta comienza en Ardales (norte), atraviesa t\u00faneles excavados en la roca y el famoso \u00abBalc\u00f3n del Rey\u00bb, y culmina en \u00c1lora (sur). Pasarelas acristaladas y miradores, como el Gambuquero, a\u00f1aden emoci\u00f3n visual.<\/p>\n\n\n\n<p>Geol\u00f3gicamente fascinante, expone fallas y estratos que narran 200 millones de a\u00f1os de tect\u00f3nica b\u00e9tico-rife\u00f1a. El contraste entre paredes verticales y vegetaci\u00f3n de encinar relicto crea un paisaje mediterr\u00e1neo \u00fanico.<\/p>\n\n\n\n<h2 class=\"wp-block-heading\" id=\"h-biodiversidad-del-gaitanes\"><strong>Biodiversidad del Gaitanes<\/strong><\/h2>\n\n\n\n<p>El Paraje Natural del Desfiladero protege 827 ha de h\u00e1bitat rup\u00edcola, entre la que destaca:<\/p>\n\n\n\n<ul class=\"wp-block-list\">\n<li><strong>Flora<\/strong>: encinas, pinares laricios, romero silvestre.<\/li>\n\n\n\n<li><strong>Fauna<\/strong>: buitre leonado (la mayor colonia andaluza), \u00e1guila real, chova piquirroja.<\/li>\n<\/ul>\n\n\n\n<p>Esta riqueza posiciona al Caminito como ejemplo de turismo sostenible, equilibrando m\u00e1s de un mill\u00f3n de  visitantes anuales con la conservaci\u00f3n del ecosistema b\u00e9tico.<\/p>\n\n\n\n<figure class=\"wp-block-image aligncenter size-large\"><img decoding=\"async\" src=\"https:\/\/www.geographica.es\/media\/cache\/resolve\/imagen_galeria\/images\/imagen\/5dd64c8314507794851221.jpg\" alt=\"Torcal de Antequera\"\/><figcaption class=\"wp-element-caption\">Torcal de Antequera \/ <strong>FOTO: <\/strong>Mark Chinnick<\/figcaption><\/figure>\n\n\n\n<h2 class=\"wp-block-heading\" id=\"h-rutas-imprescindibles-cerca\"><strong>Rutas imprescindibles cerca<\/strong><\/h2>\n\n\n\n<p>La visita con <strong><em>Geographica<\/em><\/strong> se enriquece al explorar otros tesoros cercanos que complementan perfectamente la experiencia del Caminito.<br><br>A solo 30 minutos se encuentra el\u00a0<strong>Torcal de Antequera<\/strong>, un geoparque de la UNESCO con formaciones k\u00e1rsticas de 150 millones de a\u00f1os que contrastan con la verticalidad del desfiladero.<br><br>Muy cerca, a 20 minutos, las <strong>ruinas de Bobastro<\/strong> sorprenden con su fortaleza moz\u00e1rabe del siglo IX, tallada directamente en la roca, y ofrecen una ventana al pasado andalus\u00ed de M\u00e1laga.\u00a0<br><br><strong>El Chorro<\/strong>, a apenas 10 minutos, atrae a escaladores de todo el mundo con sus m\u00e1s de 900 v\u00edas y su historia como cuna de la escalada deportiva espa\u00f1ola.<br><br>Finalmente, el\u00a0<strong>Conjunto Arqueol\u00f3gico de Acinipo<\/strong>, a 45 minutos, conserva un teatro romano del siglo I enclavado en plena sierra, perfecto cierre de una ruta cultural por el interior malague\u00f1o.<\/p>\n\n\n\n<h2 class=\"wp-block-heading\" id=\"h-planifica-tu-visita\"><strong>Planifica tu visita<\/strong><\/h2>\n\n\n\n<p><strong>Entradas<\/strong>: Reserva obligatoria en caminitodelrey.info (\u20ac10 general).<br><strong>Horarios<\/strong>: 9:45-15:00 (invierno), hasta 17:00 (verano).<br><strong>Restricciones<\/strong>: +8 a\u00f1os, sin v\u00e9rtigo severo, calzado cerrado obligatorio.<br><strong>Mejor \u00e9poca<\/strong>: primavera\/oto\u00f1o (evita julio-agosto).<\/p>\n\n\n\n<p><span style=\"box-sizing: border-box; margin: 0px; padding: 0px;\"><strong>Para grupos<\/strong>: Geographica ofrece el paquete \u00ab<a href=\"https:\/\/www.geographica.es\/archivo-viajes\/viaje\/caminito-del-rey-y-sierras-de-malaga\" target=\"_blank\"><strong>Caminito + Sierras M\u00e1laga<\/strong><\/a>\u00bb con traslados, gu\u00edas geol\u00f3gicos y rutas complementarias en M\u00e1laga, Mijas, Torcal de Antequera y Fuengirola.<\/span><\/p>\n\n\n\n<h2 class=\"wp-block-heading\" id=\"h-por-que-ir-al-caminito-del-rey\"><strong>\u00bfPor qu\u00e9 ir al Caminito del Rey?<\/strong><\/h2>\n\n\n\n<p>Ir al\u00a0<strong>Caminito del Rey<\/strong>\u00a0es mucho m\u00e1s que una ruta de senderismo: es una experiencia transformadora que combina\u00a0<strong>adrenalina pura<\/strong>,\u00a0<strong>historia viva<\/strong>\u00a0y\u00a0<strong>geolog\u00eda espectacular<\/strong>\u00a0en un solo recorrido. Los visitantes destacan la sensaci\u00f3n \u00fanica de caminar sobre pasarelas suspendidas a 105 metros de altura, con paredes verticales de 300 metros que narran 200 millones de a\u00f1os de la evoluci\u00f3n tect\u00f3nica del sur peninsular.<\/p>\n\n\n\n<p><span style=\"box-sizing: border-box; margin: 0px; padding: 0px;\">No es solo \u00abla ruta m\u00e1s peligrosa del mundo\u00bb convertida en segura: es un viaje sensorial en el que cada paso revela\u00a0<strong>f\u00f3siles de ammonites jur\u00e1sicos<\/strong>, colonias de buitres leonados q<\/span>ue planean sobre el ca\u00f1\u00f3n y vistas panor\u00e1micas que las fotos no pueden capturar. La mayor\u00eda coincide en que las\u00a0<strong>vistas del Balc\u00f3n de Cristal y el puente colgante final<\/strong>\u00a0justifican por s\u00ed solas la reserva anticipada.<\/p>\n\n\n\n<p>Desde el punto de vista cultural, el Caminito conecta con la\u00a0modernizaci\u00f3n hidroel\u00e9ctrica de Andaluc\u00eda\u00a0y su pasado mon\u00e1rquico, mientras que su gesti\u00f3n actual lo posiciona como\u00a0referente mundial en turismo sostenible, lo que demuestra que es posible recibir un mill\u00f3n de visitantes anuales sin comprometer un ecosistema b\u00e9tico de alto valor.<\/p>\n\n\n\n<p>Para los viajeros de Geographica, representa la escapada perfecta: accesible desde M\u00e1laga (1 hora en tren), combina perfectamente con el\u00a0<strong>Torcal de Antequera<\/strong>\u00a0o\u00a0<strong>Bobastro<\/strong>, y ofrece esa mezcla de naturaleza intensa + historia que distingue al interior malague\u00f1o de los destinos costeros saturados. Aseg\u00farate un recuerdo imborrable en uno de los paisajes m\u00e1s ic\u00f3nicos de Espa\u00f1a.<\/p>\n\n\n\n<div class=\"wp-block-buttons is-content-justification-center is-layout-flex wp-container-core-buttons-is-layout-a89b3969 wp-block-buttons-is-layout-flex\">\n<div class=\"wp-block-button\"><a class=\"wp-block-button__link wp-element-button\" href=\"https:\/\/www.geographica.es\/archivo-viajes\/viaje\/caminito-del-rey-y-sierras-de-malaga\"><strong>VIAJE RECOMENDADO: <\/strong>Caminito del Rey y Sierras de M\u00e1laga<\/a><\/div>\n<\/div>\n","protected":false},"excerpt":{"rendered":"<p>El\u00a0Caminito del Rey\u00a0es uno de los senderos m\u00e1s espectaculares de Espa\u00f1a y un emblema del turismo activo en Andaluc\u00eda. Situado en el\u00a0Desfiladero de los Gaitanes, entre\u00a0Ardales, \u00c1lora y Antequera,\u00a0en la provincia de M\u00e1laga, este recorrido ofrece vistas vertiginosas de paredes calizas de m\u00e1s de 300 metros de altura, excavadas por el r\u00edo Guadalhorce.<\/p>\n","protected":false},"author":3,"featured_media":545,"comment_status":"closed","ping_status":"closed","sticky":false,"template":"","format":"standard","meta":{"site-sidebar-layout":"default","site-content-layout":"","ast-site-content-layout":"default","site-content-style":"default","site-sidebar-style":"default","ast-global-header-display":"","ast-banner-title-visibility":"","ast-main-header-display":"","ast-hfb-above-header-display":"","ast-hfb-below-header-display":"","ast-hfb-mobile-header-display":"","site-post-title":"","ast-breadcrumbs-content":"","ast-featured-img":"","footer-sml-layout":"","ast-disable-related-posts":"","theme-transparent-header-meta":"","adv-header-id-meta":"","stick-header-meta":"","header-above-stick-meta":"","header-main-stick-meta":"","header-below-stick-meta":"","astra-migrate-meta-layouts":"default","ast-page-background-enabled":"default","ast-page-background-meta":{"desktop":{"background-color":"var(--ast-global-color-5)","background-image":"","background-repeat":"repeat","background-position":"center center","background-size":"auto","background-attachment":"scroll","background-type":"","background-media":"","overlay-type":"","overlay-color":"","overlay-opacity":"","overlay-gradient":""},"tablet":{"background-color":"","background-image":"","background-repeat":"repeat","background-position":"center center","background-size":"auto","background-attachment":"scroll","background-type":"","background-media":"","overlay-type":"","overlay-color":"","overlay-opacity":"","overlay-gradient":""},"mobile":{"background-color":"","background-image":"","background-repeat":"repeat","background-position":"center center","background-size":"auto","background-attachment":"scroll","background-type":"","background-media":"","overlay-type":"","overlay-color":"","overlay-opacity":"","overlay-gradient":""}},"ast-content-background-meta":{"desktop":{"background-color":"var(--ast-global-color-4)","background-image":"","background-repeat":"repeat","background-position":"center center","background-size":"auto","background-attachment":"scroll","background-type":"","background-media":"","overlay-type":"","overlay-color":"","overlay-opacity":"","overlay-gradient":""},"tablet":{"background-color":"var(--ast-global-color-4)","background-image":"","background-repeat":"repeat","background-position":"center center","background-size":"auto","background-attachment":"scroll","background-type":"","background-media":"","overlay-type":"","overlay-color":"","overlay-opacity":"","overlay-gradient":""},"mobile":{"background-color":"var(--ast-global-color-4)","background-image":"","background-repeat":"repeat","background-position":"center center","background-size":"auto","background-attachment":"scroll","background-type":"","background-media":"","overlay-type":"","overlay-color":"","overlay-opacity":"","overlay-gradient":""}},"footnotes":""},"categories":[15,7],"tags":[16,17,12],"class_list":["post-544","post","type-post","status-publish","format-standard","has-post-thumbnail","hentry","category-andalucia","category-peninsula","tag-caminito-del-rey","tag-malaga","tag-viajes"],"yoast_head":"<!-- This site is optimized with the Yoast SEO Premium plugin v27.4 (Yoast SEO v27.4) - https:\/\/yoast.com\/product\/yoast-seo-premium-wordpress\/ -->\n<title>Caminito del Rey: historia, geolog\u00eda y aventura en M\u00e1laga -<\/title>\n<meta name=\"description\" content=\"Caminito del Rey: historia, geolog\u00eda y aventura en M\u00e1laga - Pen\u00ednsula Gu\u00eda completa del Caminito del Rey: Desfiladero Gaitanes, historia Alfonso XIII, geolog\u00eda jur\u00e1sica, c\u00f3mo llegar desde M\u00e1laga y rutas cercanas.\" \/>\n<meta name=\"robots\" content=\"noindex, follow, max-snippet:-1, max-image-preview:large, max-video-preview:-1\" \/>\n<meta property=\"og:locale\" content=\"es_ES\" \/>\n<meta property=\"og:type\" content=\"article\" \/>\n<meta property=\"og:title\" content=\"Caminito del Rey: historia, geolog\u00eda y aventura en M\u00e1laga\" \/>\n<meta property=\"og:description\" content=\"Caminito del Rey: historia, geolog\u00eda y aventura en M\u00e1laga - Pen\u00ednsula Gu\u00eda completa del Caminito del Rey: Desfiladero Gaitanes, historia Alfonso XIII, geolog\u00eda jur\u00e1sica, c\u00f3mo llegar desde M\u00e1laga y rutas cercanas.\" \/>\n<meta property=\"og:url\" content=\"https:\/\/geographica.es\/blog-geographica\/caminito-rey-malaga-ruta-historia-geologia\/\" \/>\n<meta property=\"article:publisher\" content=\"https:\/\/www.facebook.com\/geographica.es\/?locale=es_ES\" \/>\n<meta property=\"article:published_time\" content=\"2026-04-15T15:05:36+00:00\" \/>\n<meta property=\"article:modified_time\" content=\"2026-04-27T17:40:58+00:00\" \/>\n<meta property=\"og:image\" content=\"https:\/\/geographica.es\/blog-geographica\/wp-content\/uploads\/2026\/04\/Eliza-Saroma-Stepniewska.jpg\" \/>\n\t<meta property=\"og:image:width\" content=\"1920\" \/>\n\t<meta property=\"og:image:height\" content=\"1280\" \/>\n\t<meta property=\"og:image:type\" content=\"image\/jpeg\" \/>\n<meta name=\"author\" content=\"Javier Gonz\u00e1lez\" \/>\n<meta name=\"twitter:card\" content=\"summary_large_image\" \/>\n<meta name=\"twitter:creator\" content=\"@fjgonzalez76\" \/>\n<meta name=\"twitter:label1\" content=\"Escrito por\" \/>\n\t<meta name=\"twitter:data1\" content=\"Javier Gonz\u00e1lez\" \/>\n\t<meta name=\"twitter:label2\" content=\"Tiempo de lectura\" \/>\n\t<meta name=\"twitter:data2\" content=\"6 minutos\" \/>\n<script type=\"application\/ld+json\" class=\"yoast-schema-graph\">{\"@context\":\"https:\\\/\\\/schema.org\",\"@graph\":[{\"@type\":\"Article\",\"@id\":\"https:\\\/\\\/geographica.es\\\/blog-geographica\\\/caminito-rey-malaga-ruta-historia-geologia\\\/#article\",\"isPartOf\":{\"@id\":\"https:\\\/\\\/geographica.es\\\/blog-geographica\\\/caminito-rey-malaga-ruta-historia-geologia\\\/\"},\"author\":{\"name\":\"Javier Gonz\u00e1lez\",\"@id\":\"https:\\\/\\\/geographica.es\\\/blog-geographica\\\/#\\\/schema\\\/person\\\/c99f282fec0d1c0aeff42c3bffc735ef\"},\"headline\":\"Caminito del Rey: historia, geolog\u00eda y aventura en M\u00e1laga\",\"datePublished\":\"2026-04-15T15:05:36+00:00\",\"dateModified\":\"2026-04-27T17:40:58+00:00\",\"mainEntityOfPage\":{\"@id\":\"https:\\\/\\\/geographica.es\\\/blog-geographica\\\/caminito-rey-malaga-ruta-historia-geologia\\\/\"},\"wordCount\":1117,\"publisher\":{\"@id\":\"https:\\\/\\\/geographica.es\\\/blog-geographica\\\/#organization\"},\"image\":{\"@id\":\"https:\\\/\\\/geographica.es\\\/blog-geographica\\\/caminito-rey-malaga-ruta-historia-geologia\\\/#primaryimage\"},\"thumbnailUrl\":\"https:\\\/\\\/geographica.es\\\/blog-geographica\\\/wp-content\\\/uploads\\\/2026\\\/04\\\/Eliza-Saroma-Stepniewska.jpg\",\"keywords\":[\"Caminito del Rey\",\"M\u00e1laga\",\"Viajes\"],\"articleSection\":[\"Andaluc\u00eda\",\"Pen\u00ednsula\"],\"inLanguage\":\"es\"},{\"@type\":\"WebPage\",\"@id\":\"https:\\\/\\\/geographica.es\\\/blog-geographica\\\/caminito-rey-malaga-ruta-historia-geologia\\\/\",\"url\":\"https:\\\/\\\/geographica.es\\\/blog-geographica\\\/caminito-rey-malaga-ruta-historia-geologia\\\/\",\"name\":\"Caminito del Rey: historia, geolog\u00eda y aventura en M\u00e1laga -\",\"isPartOf\":{\"@id\":\"https:\\\/\\\/geographica.es\\\/blog-geographica\\\/#website\"},\"primaryImageOfPage\":{\"@id\":\"https:\\\/\\\/geographica.es\\\/blog-geographica\\\/caminito-rey-malaga-ruta-historia-geologia\\\/#primaryimage\"},\"image\":{\"@id\":\"https:\\\/\\\/geographica.es\\\/blog-geographica\\\/caminito-rey-malaga-ruta-historia-geologia\\\/#primaryimage\"},\"thumbnailUrl\":\"https:\\\/\\\/geographica.es\\\/blog-geographica\\\/wp-content\\\/uploads\\\/2026\\\/04\\\/Eliza-Saroma-Stepniewska.jpg\",\"datePublished\":\"2026-04-15T15:05:36+00:00\",\"dateModified\":\"2026-04-27T17:40:58+00:00\",\"description\":\"Caminito del Rey: historia, geolog\u00eda y aventura en M\u00e1laga - Pen\u00ednsula Gu\u00eda completa del Caminito del Rey: Desfiladero Gaitanes, historia Alfonso XIII, geolog\u00eda jur\u00e1sica, c\u00f3mo llegar desde M\u00e1laga y rutas cercanas.\",\"breadcrumb\":{\"@id\":\"https:\\\/\\\/geographica.es\\\/blog-geographica\\\/caminito-rey-malaga-ruta-historia-geologia\\\/#breadcrumb\"},\"inLanguage\":\"es\",\"potentialAction\":[{\"@type\":\"ReadAction\",\"target\":[\"https:\\\/\\\/geographica.es\\\/blog-geographica\\\/caminito-rey-malaga-ruta-historia-geologia\\\/\"]}]},{\"@type\":\"ImageObject\",\"inLanguage\":\"es\",\"@id\":\"https:\\\/\\\/geographica.es\\\/blog-geographica\\\/caminito-rey-malaga-ruta-historia-geologia\\\/#primaryimage\",\"url\":\"https:\\\/\\\/geographica.es\\\/blog-geographica\\\/wp-content\\\/uploads\\\/2026\\\/04\\\/Eliza-Saroma-Stepniewska.jpg\",\"contentUrl\":\"https:\\\/\\\/geographica.es\\\/blog-geographica\\\/wp-content\\\/uploads\\\/2026\\\/04\\\/Eliza-Saroma-Stepniewska.jpg\",\"width\":1920,\"height\":1280,\"caption\":\"Vistas al r\u00edo Guadalhorce desde el Caminito del Rey\"},{\"@type\":\"BreadcrumbList\",\"@id\":\"https:\\\/\\\/geographica.es\\\/blog-geographica\\\/caminito-rey-malaga-ruta-historia-geologia\\\/#breadcrumb\",\"itemListElement\":[{\"@type\":\"ListItem\",\"position\":1,\"name\":\"Home\",\"item\":\"https:\\\/\\\/geographica.es\\\/blog-geographica\\\/\"},{\"@type\":\"ListItem\",\"position\":2,\"name\":\"Caminito del Rey: historia, geolog\u00eda y aventura en M\u00e1laga\"}]},{\"@type\":\"WebSite\",\"@id\":\"https:\\\/\\\/geographica.es\\\/blog-geographica\\\/#website\",\"url\":\"https:\\\/\\\/geographica.es\\\/blog-geographica\\\/\",\"name\":\"Blog Geographica\",\"description\":\"Blog\",\"publisher\":{\"@id\":\"https:\\\/\\\/geographica.es\\\/blog-geographica\\\/#organization\"},\"potentialAction\":[{\"@type\":\"SearchAction\",\"target\":{\"@type\":\"EntryPoint\",\"urlTemplate\":\"https:\\\/\\\/geographica.es\\\/blog-geographica\\\/?s={search_term_string}\"},\"query-input\":{\"@type\":\"PropertyValueSpecification\",\"valueRequired\":true,\"valueName\":\"search_term_string\"}}],\"inLanguage\":\"es\"},{\"@type\":\"Organization\",\"@id\":\"https:\\\/\\\/geographica.es\\\/blog-geographica\\\/#organization\",\"name\":\"Global Adventure Team\",\"url\":\"https:\\\/\\\/geographica.es\\\/blog-geographica\\\/\",\"logo\":{\"@type\":\"ImageObject\",\"inLanguage\":\"es\",\"@id\":\"https:\\\/\\\/geographica.es\\\/blog-geographica\\\/#\\\/schema\\\/logo\\\/image\\\/\",\"url\":\"https:\\\/\\\/geographica.es\\\/blog-geographica\\\/wp-content\\\/uploads\\\/2025\\\/07\\\/geographica.png\",\"contentUrl\":\"https:\\\/\\\/geographica.es\\\/blog-geographica\\\/wp-content\\\/uploads\\\/2025\\\/07\\\/geographica.png\",\"width\":128,\"height\":63,\"caption\":\"Global Adventure Team\"},\"image\":{\"@id\":\"https:\\\/\\\/geographica.es\\\/blog-geographica\\\/#\\\/schema\\\/logo\\\/image\\\/\"},\"sameAs\":[\"https:\\\/\\\/www.facebook.com\\\/geographica.es\\\/?locale=es_ES\"]},{\"@type\":\"Person\",\"@id\":\"https:\\\/\\\/geographica.es\\\/blog-geographica\\\/#\\\/schema\\\/person\\\/c99f282fec0d1c0aeff42c3bffc735ef\",\"name\":\"Javier Gonz\u00e1lez\",\"description\":\"Con m\u00e1s de 20 a\u00f1os de experiencia como periodista de deportes y destinos de aventura en diferentes medios especializados, Javier Gonz\u00e1lez es un apasionado de los destinos de monta\u00f1a y nieve y coordina los contenidos de Geographica y Muntania Outdoors.\",\"sameAs\":[\"www.instagram.com\\\/kingsilo\",\"https:\\\/\\\/x.com\\\/fjgonzalez76\"],\"url\":\"https:\\\/\\\/geographica.es\\\/blog-geographica\\\/author\\\/javi\\\/\"}]}<\/script>\n<!-- \/ Yoast SEO Premium plugin. -->","yoast_head_json":{"title":"Caminito del Rey: historia, geolog\u00eda y aventura en M\u00e1laga -","description":"Caminito del Rey: historia, geolog\u00eda y aventura en M\u00e1laga - Pen\u00ednsula Gu\u00eda completa del Caminito del Rey: Desfiladero Gaitanes, historia Alfonso XIII, geolog\u00eda jur\u00e1sica, c\u00f3mo llegar desde M\u00e1laga y rutas cercanas.","robots":{"index":"noindex","follow":"follow","max-snippet":"max-snippet:-1","max-image-preview":"max-image-preview:large","max-video-preview":"max-video-preview:-1"},"og_locale":"es_ES","og_type":"article","og_title":"Caminito del Rey: historia, geolog\u00eda y aventura en M\u00e1laga","og_description":"Caminito del Rey: historia, geolog\u00eda y aventura en M\u00e1laga - Pen\u00ednsula Gu\u00eda completa del Caminito del Rey: Desfiladero Gaitanes, historia Alfonso XIII, geolog\u00eda jur\u00e1sica, c\u00f3mo llegar desde M\u00e1laga y rutas cercanas.","og_url":"https:\/\/geographica.es\/blog-geographica\/caminito-rey-malaga-ruta-historia-geologia\/","article_publisher":"https:\/\/www.facebook.com\/geographica.es\/?locale=es_ES","article_published_time":"2026-04-15T15:05:36+00:00","article_modified_time":"2026-04-27T17:40:58+00:00","og_image":[{"width":1920,"height":1280,"url":"https:\/\/geographica.es\/blog-geographica\/wp-content\/uploads\/2026\/04\/Eliza-Saroma-Stepniewska.jpg","type":"image\/jpeg"}],"author":"Javier Gonz\u00e1lez","twitter_card":"summary_large_image","twitter_creator":"@fjgonzalez76","twitter_misc":{"Escrito por":"Javier Gonz\u00e1lez","Tiempo de lectura":"6 minutos"},"schema":{"@context":"https:\/\/schema.org","@graph":[{"@type":"Article","@id":"https:\/\/geographica.es\/blog-geographica\/caminito-rey-malaga-ruta-historia-geologia\/#article","isPartOf":{"@id":"https:\/\/geographica.es\/blog-geographica\/caminito-rey-malaga-ruta-historia-geologia\/"},"author":{"name":"Javier Gonz\u00e1lez","@id":"https:\/\/geographica.es\/blog-geographica\/#\/schema\/person\/c99f282fec0d1c0aeff42c3bffc735ef"},"headline":"Caminito del Rey: historia, geolog\u00eda y aventura en M\u00e1laga","datePublished":"2026-04-15T15:05:36+00:00","dateModified":"2026-04-27T17:40:58+00:00","mainEntityOfPage":{"@id":"https:\/\/geographica.es\/blog-geographica\/caminito-rey-malaga-ruta-historia-geologia\/"},"wordCount":1117,"publisher":{"@id":"https:\/\/geographica.es\/blog-geographica\/#organization"},"image":{"@id":"https:\/\/geographica.es\/blog-geographica\/caminito-rey-malaga-ruta-historia-geologia\/#primaryimage"},"thumbnailUrl":"https:\/\/geographica.es\/blog-geographica\/wp-content\/uploads\/2026\/04\/Eliza-Saroma-Stepniewska.jpg","keywords":["Caminito del Rey","M\u00e1laga","Viajes"],"articleSection":["Andaluc\u00eda","Pen\u00ednsula"],"inLanguage":"es"},{"@type":"WebPage","@id":"https:\/\/geographica.es\/blog-geographica\/caminito-rey-malaga-ruta-historia-geologia\/","url":"https:\/\/geographica.es\/blog-geographica\/caminito-rey-malaga-ruta-historia-geologia\/","name":"Caminito del Rey: historia, geolog\u00eda y aventura en M\u00e1laga -","isPartOf":{"@id":"https:\/\/geographica.es\/blog-geographica\/#website"},"primaryImageOfPage":{"@id":"https:\/\/geographica.es\/blog-geographica\/caminito-rey-malaga-ruta-historia-geologia\/#primaryimage"},"image":{"@id":"https:\/\/geographica.es\/blog-geographica\/caminito-rey-malaga-ruta-historia-geologia\/#primaryimage"},"thumbnailUrl":"https:\/\/geographica.es\/blog-geographica\/wp-content\/uploads\/2026\/04\/Eliza-Saroma-Stepniewska.jpg","datePublished":"2026-04-15T15:05:36+00:00","dateModified":"2026-04-27T17:40:58+00:00","description":"Caminito del Rey: historia, geolog\u00eda y aventura en M\u00e1laga - Pen\u00ednsula Gu\u00eda completa del Caminito del Rey: Desfiladero Gaitanes, historia Alfonso XIII, geolog\u00eda jur\u00e1sica, c\u00f3mo llegar desde M\u00e1laga y rutas cercanas.","breadcrumb":{"@id":"https:\/\/geographica.es\/blog-geographica\/caminito-rey-malaga-ruta-historia-geologia\/#breadcrumb"},"inLanguage":"es","potentialAction":[{"@type":"ReadAction","target":["https:\/\/geographica.es\/blog-geographica\/caminito-rey-malaga-ruta-historia-geologia\/"]}]},{"@type":"ImageObject","inLanguage":"es","@id":"https:\/\/geographica.es\/blog-geographica\/caminito-rey-malaga-ruta-historia-geologia\/#primaryimage","url":"https:\/\/geographica.es\/blog-geographica\/wp-content\/uploads\/2026\/04\/Eliza-Saroma-Stepniewska.jpg","contentUrl":"https:\/\/geographica.es\/blog-geographica\/wp-content\/uploads\/2026\/04\/Eliza-Saroma-Stepniewska.jpg","width":1920,"height":1280,"caption":"Vistas al r\u00edo Guadalhorce desde el Caminito del Rey"},{"@type":"BreadcrumbList","@id":"https:\/\/geographica.es\/blog-geographica\/caminito-rey-malaga-ruta-historia-geologia\/#breadcrumb","itemListElement":[{"@type":"ListItem","position":1,"name":"Home","item":"https:\/\/geographica.es\/blog-geographica\/"},{"@type":"ListItem","position":2,"name":"Caminito del Rey: historia, geolog\u00eda y aventura en M\u00e1laga"}]},{"@type":"WebSite","@id":"https:\/\/geographica.es\/blog-geographica\/#website","url":"https:\/\/geographica.es\/blog-geographica\/","name":"Blog Geographica","description":"Blog","publisher":{"@id":"https:\/\/geographica.es\/blog-geographica\/#organization"},"potentialAction":[{"@type":"SearchAction","target":{"@type":"EntryPoint","urlTemplate":"https:\/\/geographica.es\/blog-geographica\/?s={search_term_string}"},"query-input":{"@type":"PropertyValueSpecification","valueRequired":true,"valueName":"search_term_string"}}],"inLanguage":"es"},{"@type":"Organization","@id":"https:\/\/geographica.es\/blog-geographica\/#organization","name":"Global Adventure Team","url":"https:\/\/geographica.es\/blog-geographica\/","logo":{"@type":"ImageObject","inLanguage":"es","@id":"https:\/\/geographica.es\/blog-geographica\/#\/schema\/logo\/image\/","url":"https:\/\/geographica.es\/blog-geographica\/wp-content\/uploads\/2025\/07\/geographica.png","contentUrl":"https:\/\/geographica.es\/blog-geographica\/wp-content\/uploads\/2025\/07\/geographica.png","width":128,"height":63,"caption":"Global Adventure Team"},"image":{"@id":"https:\/\/geographica.es\/blog-geographica\/#\/schema\/logo\/image\/"},"sameAs":["https:\/\/www.facebook.com\/geographica.es\/?locale=es_ES"]},{"@type":"Person","@id":"https:\/\/geographica.es\/blog-geographica\/#\/schema\/person\/c99f282fec0d1c0aeff42c3bffc735ef","name":"Javier Gonz\u00e1lez","description":"Con m\u00e1s de 20 a\u00f1os de experiencia como periodista de deportes y destinos de aventura en diferentes medios especializados, Javier Gonz\u00e1lez es un apasionado de los destinos de monta\u00f1a y nieve y coordina los contenidos de Geographica y Muntania Outdoors.","sameAs":["www.instagram.com\/kingsilo","https:\/\/x.com\/fjgonzalez76"],"url":"https:\/\/geographica.es\/blog-geographica\/author\/javi\/"}]}},"_links":{"self":[{"href":"https:\/\/geographica.es\/blog-geographica\/wp-json\/wp\/v2\/posts\/544","targetHints":{"allow":["GET"]}}],"collection":[{"href":"https:\/\/geographica.es\/blog-geographica\/wp-json\/wp\/v2\/posts"}],"about":[{"href":"https:\/\/geographica.es\/blog-geographica\/wp-json\/wp\/v2\/types\/post"}],"author":[{"embeddable":true,"href":"https:\/\/geographica.es\/blog-geographica\/wp-json\/wp\/v2\/users\/3"}],"replies":[{"embeddable":true,"href":"https:\/\/geographica.es\/blog-geographica\/wp-json\/wp\/v2\/comments?post=544"}],"version-history":[{"count":5,"href":"https:\/\/geographica.es\/blog-geographica\/wp-json\/wp\/v2\/posts\/544\/revisions"}],"predecessor-version":[{"id":550,"href":"https:\/\/geographica.es\/blog-geographica\/wp-json\/wp\/v2\/posts\/544\/revisions\/550"}],"wp:featuredmedia":[{"embeddable":true,"href":"https:\/\/geographica.es\/blog-geographica\/wp-json\/wp\/v2\/media\/545"}],"wp:attachment":[{"href":"https:\/\/geographica.es\/blog-geographica\/wp-json\/wp\/v2\/media?parent=544"}],"wp:term":[{"taxonomy":"category","embeddable":true,"href":"https:\/\/geographica.es\/blog-geographica\/wp-json\/wp\/v2\/categories?post=544"},{"taxonomy":"post_tag","embeddable":true,"href":"https:\/\/geographica.es\/blog-geographica\/wp-json\/wp\/v2\/tags?post=544"}],"curies":[{"name":"wp","href":"https:\/\/api.w.org\/{rel}","templated":true}]}}